{"id":1806,"date":"2025-06-16T11:00:43","date_gmt":"2025-06-16T09:00:43","guid":{"rendered":"https:\/\/www.ocealys.com\/?p=1806"},"modified":"2025-06-16T11:05:55","modified_gmt":"2025-06-16T09:05:55","slug":"ocealys-engage-pour-la-protection-des-oceans-presence-a-lunoc-a-nice","status":"publish","type":"post","link":"https:\/\/www.ocealys.com\/en\/ocealys-engage-pour-la-protection-des-oceans-presence-a-lunoc-a-nice\/","title":{"rendered":"Ocealys committed to protecting the oceans at UNOC 2025"},"content":{"rendered":"<section class=\"core-inline core-paragraph\" data-scroll-section><div class=\"container\">\n<p>On the occasion of the\u00a0<strong>United Nations Ocean Conference (\u00a0<a href=\"https:\/\/ocean-climate.org\/unoc2025-fr\/\" target=\"_blank\" rel=\"noreferrer noopener\">UNOC 2025<\/a>\u00a0)<\/strong>\u00a0, organized in Nice this Monday, June 2, Cosmetic Valley gave voice to an industry mobilized to\u00a0<strong>reduce its impact on marine ecosystems<\/strong>\u00a0.<\/p>\n<\/div><\/section>\n\n<section class=\"core-inline core-paragraph\" data-scroll-section><div class=\"container\">\n<p><strong>A committed intervention during the &#8220;Blue Beauty&#8221; conference<\/strong><br><\/p>\n<\/div><\/section>\n\n\n<figure class=\"wp-block-gallery has-nested-images columns-default is-cropped wp-block-gallery-1 is-layout-flex wp-block-gallery-is-layout-flex\"data-scroll-section >\n<figure class=\"wp-block-image size-full is-style-rounded\"><picture><source srcset=\"https:\/\/www.ocealys.com\/app\/uploads\/2025\/06\/design-sans-titre-10_1.webp\" type=\"image\/webp\" \/><img src=\"https:\/\/www.ocealys.com\/app\/uploads\/2025\/06\/design-sans-titre-10_1.png\" width=\"1010\"  height=\"560\" class=\"wp-image-1807\" alt=\"Design Sans Titre (10) 1\" ><\/picture><figcaption class=\"wp-element-caption\">Maison Toinon, Sofia Cosm\u00e9tiques &amp; Ocealys, three French companies shared their innovative actions.<\/figcaption><\/figure>\n<\/figure>\n\n\n<section class=\"core-inline core-paragraph\" data-scroll-section><div class=\"container\">\n<p>Fabienne BRESDIN, president and founder of the Ocealys Laboratory, was one of the guests at the United Nations Conference on the Ocean. (<a href=\"https:\/\/ocean-climate.org\/unoc2025-fr\/\">UNOC 2025<\/a>)<\/p>\n<\/div><\/section>\n\n<section class=\"core-inline core-paragraph\" data-scroll-section><div class=\"container\">\n<p>As part of the &#8220;We Are The Ocean&#8221; program, Cosmetic Valley participated in the conference\u00a0<strong>&#8220;Blue Beauty: innovation in cosmetics, a commitment to preserving the oceans&#8221;<\/strong>\u00a0. This highlight highlighted concrete initiatives from the Cosmetic Valley network, illustrating the desire to combine\u00a0<strong>cosmetic performance and environmental responsibility<\/strong>\u00a0.<\/p>\n<\/div><\/section>\n\n<section class=\"core-inline core-paragraph\" data-scroll-section><div class=\"container\">\n<p>Read this article : <a href=\"https:\/\/www.cosmetic-valley.com\/fr\/actualite\/cosmetic-valley-lunoc-2025\">COSMETIC VALLEY<\/a>.<\/p>\n<\/div><\/section>\n\n<section class=\"core-inline core-paragraph\" data-scroll-section><div class=\"container\">\n<p><\/p>\n<\/div><\/section>","protected":false},"excerpt":{"rendered":"<p>Fabienne BRESDIN, president and founder of the Ocealys Laboratory, was one of the guests at the United Nations Conference on the Ocean. (UNOC 2025)<\/p>\n","protected":false},"author":2,"featured_media":1812,"comment_status":"closed","ping_status":"closed","sticky":false,"template":"","format":"standard","meta":{"footnotes":""},"categories":[21,4],"tags":[],"class_list":["post-1806","post","type-post","status-publish","format-standard","has-post-thumbnail","hentry","category-press","category-salons"],"acf":[],"yoast_head":"<!-- This site is optimized with the Yoast SEO plugin v27.1.1 - https:\/\/yoast.com\/product\/yoast-seo-wordpress\/ -->\n<title>Ocealys committed to protecting the oceans at UNOC 2025 - Laboratoire Oc\u00e9alys<\/title>\n<meta name=\"robots\" content=\"index, follow, max-snippet:-1, max-image-preview:large, max-video-preview:-1\" \/>\n<link rel=\"canonical\" href=\"https:\/\/www.ocealys.com\/en\/ocealys-engage-pour-la-protection-des-oceans-presence-a-lunoc-a-nice\/\" \/>\n<meta property=\"og:locale\" content=\"en_US\" \/>\n<meta property=\"og:type\" content=\"article\" \/>\n<meta property=\"og:title\" content=\"Ocealys committed to protecting the oceans at UNOC 2025 - Laboratoire Oc\u00e9alys\" \/>\n<meta property=\"og:description\" content=\"Fabienne BRESDIN, president and founder of the Ocealys Laboratory, was one of the guests at the United Nations Conference on the Ocean. (UNOC 2025)\" \/>\n<meta property=\"og:url\" content=\"https:\/\/www.ocealys.com\/en\/ocealys-engage-pour-la-protection-des-oceans-presence-a-lunoc-a-nice\/\" \/>\n<meta property=\"og:site_name\" content=\"Laboratoire Oc\u00e9alys\" \/>\n<meta property=\"article:published_time\" content=\"2025-06-16T09:00:43+00:00\" \/>\n<meta property=\"article:modified_time\" content=\"2025-06-16T09:05:55+00:00\" \/>\n<meta property=\"og:image\" content=\"https:\/\/www.ocealys.com\/app\/uploads\/2025\/06\/web_1500x750-plateforme-unoc-1-scaled.png\" \/>\n\t<meta property=\"og:image:width\" content=\"2560\" \/>\n\t<meta property=\"og:image:height\" content=\"1280\" \/>\n\t<meta property=\"og:image:type\" content=\"image\/png\" \/>\n<meta name=\"author\" content=\"Alice\" \/>\n<meta name=\"twitter:card\" content=\"summary_large_image\" \/>\n<meta name=\"twitter:label1\" content=\"Written by\" \/>\n\t<meta name=\"twitter:data1\" content=\"Alice\" \/>\n\t<meta name=\"twitter:label2\" content=\"Est. reading time\" \/>\n\t<meta name=\"twitter:data2\" content=\"2 minutes\" \/>\n<script type=\"application\/ld+json\" class=\"yoast-schema-graph\">{\"@context\":\"https:\/\/schema.org\",\"@graph\":[{\"@type\":\"Article\",\"@id\":\"https:\/\/www.ocealys.com\/en\/ocealys-engage-pour-la-protection-des-oceans-presence-a-lunoc-a-nice\/#article\",\"isPartOf\":{\"@id\":\"https:\/\/www.ocealys.com\/en\/ocealys-engage-pour-la-protection-des-oceans-presence-a-lunoc-a-nice\/\"},\"author\":{\"name\":\"Alice\",\"@id\":\"https:\/\/www.ocealys.com\/en\/#\/schema\/person\/6473788d65da9f307970f74a1c74396e\"},\"headline\":\"Ocealys committed to protecting the oceans at UNOC 2025\",\"datePublished\":\"2025-06-16T09:00:43+00:00\",\"dateModified\":\"2025-06-16T09:05:55+00:00\",\"mainEntityOfPage\":{\"@id\":\"https:\/\/www.ocealys.com\/en\/ocealys-engage-pour-la-protection-des-oceans-presence-a-lunoc-a-nice\/\"},\"wordCount\":135,\"publisher\":{\"@id\":\"https:\/\/www.ocealys.com\/en\/#organization\"},\"image\":{\"@id\":\"https:\/\/www.ocealys.com\/en\/ocealys-engage-pour-la-protection-des-oceans-presence-a-lunoc-a-nice\/#primaryimage\"},\"thumbnailUrl\":\"https:\/\/www.ocealys.com\/app\/uploads\/2025\/06\/web_1500x750-plateforme-unoc-1-scaled.png\",\"articleSection\":[\"Press\",\"Salons\"],\"inLanguage\":\"en-US\"},{\"@type\":\"WebPage\",\"@id\":\"https:\/\/www.ocealys.com\/en\/ocealys-engage-pour-la-protection-des-oceans-presence-a-lunoc-a-nice\/\",\"url\":\"https:\/\/www.ocealys.com\/en\/ocealys-engage-pour-la-protection-des-oceans-presence-a-lunoc-a-nice\/\",\"name\":\"Ocealys committed to protecting the oceans at UNOC 2025 - Laboratoire Oc\u00e9alys\",\"isPartOf\":{\"@id\":\"https:\/\/www.ocealys.com\/en\/#website\"},\"primaryImageOfPage\":{\"@id\":\"https:\/\/www.ocealys.com\/en\/ocealys-engage-pour-la-protection-des-oceans-presence-a-lunoc-a-nice\/#primaryimage\"},\"image\":{\"@id\":\"https:\/\/www.ocealys.com\/en\/ocealys-engage-pour-la-protection-des-oceans-presence-a-lunoc-a-nice\/#primaryimage\"},\"thumbnailUrl\":\"https:\/\/www.ocealys.com\/app\/uploads\/2025\/06\/web_1500x750-plateforme-unoc-1-scaled.png\",\"datePublished\":\"2025-06-16T09:00:43+00:00\",\"dateModified\":\"2025-06-16T09:05:55+00:00\",\"breadcrumb\":{\"@id\":\"https:\/\/www.ocealys.com\/en\/ocealys-engage-pour-la-protection-des-oceans-presence-a-lunoc-a-nice\/#breadcrumb\"},\"inLanguage\":\"en-US\",\"potentialAction\":[{\"@type\":\"ReadAction\",\"target\":[\"https:\/\/www.ocealys.com\/en\/ocealys-engage-pour-la-protection-des-oceans-presence-a-lunoc-a-nice\/\"]}]},{\"@type\":\"ImageObject\",\"inLanguage\":\"en-US\",\"@id\":\"https:\/\/www.ocealys.com\/en\/ocealys-engage-pour-la-protection-des-oceans-presence-a-lunoc-a-nice\/#primaryimage\",\"url\":\"https:\/\/www.ocealys.com\/app\/uploads\/2025\/06\/web_1500x750-plateforme-unoc-1-scaled.png\",\"contentUrl\":\"https:\/\/www.ocealys.com\/app\/uploads\/2025\/06\/web_1500x750-plateforme-unoc-1-scaled.png\",\"width\":2560,\"height\":1280,\"caption\":\"Web 1500x750 Plateforme Unoc (1)\"},{\"@type\":\"BreadcrumbList\",\"@id\":\"https:\/\/www.ocealys.com\/en\/ocealys-engage-pour-la-protection-des-oceans-presence-a-lunoc-a-nice\/#breadcrumb\",\"itemListElement\":[{\"@type\":\"ListItem\",\"position\":1,\"name\":\"Home\",\"item\":\"https:\/\/www.ocealys.com\/en\/\"},{\"@type\":\"ListItem\",\"position\":2,\"name\":\"Ocealys committed to protecting the oceans at UNOC 2025\"}]},{\"@type\":\"WebSite\",\"@id\":\"https:\/\/www.ocealys.com\/en\/#website\",\"url\":\"https:\/\/www.ocealys.com\/en\/\",\"name\":\"Laboratoire Oc\u00e9alys\",\"description\":\"Des formules Monde 100% naturelles, pr\u00e9miums, certifi\u00e9es Ecocert, Vegan, Clean ... et con\u00e7ues selon la normes ISO 22716\",\"publisher\":{\"@id\":\"https:\/\/www.ocealys.com\/en\/#organization\"},\"potentialAction\":[{\"@type\":\"SearchAction\",\"target\":{\"@type\":\"EntryPoint\",\"urlTemplate\":\"https:\/\/www.ocealys.com\/en\/?s={search_term_string}\"},\"query-input\":{\"@type\":\"PropertyValueSpecification\",\"valueRequired\":true,\"valueName\":\"search_term_string\"}}],\"inLanguage\":\"en-US\"},{\"@type\":\"Organization\",\"@id\":\"https:\/\/www.ocealys.com\/en\/#organization\",\"name\":\"Laboratoire Oc\u00e9alys\",\"url\":\"https:\/\/www.ocealys.com\/en\/\",\"logo\":{\"@type\":\"ImageObject\",\"inLanguage\":\"en-US\",\"@id\":\"https:\/\/www.ocealys.com\/en\/#\/schema\/logo\/image\/\",\"url\":\"https:\/\/www.ocealys.com\/app\/uploads\/2023\/02\/cropped-ocelalys-favicon.png\",\"contentUrl\":\"https:\/\/www.ocealys.com\/app\/uploads\/2023\/02\/cropped-ocelalys-favicon.png\",\"width\":512,\"height\":512,\"caption\":\"Laboratoire Oc\u00e9alys\"},\"image\":{\"@id\":\"https:\/\/www.ocealys.com\/en\/#\/schema\/logo\/image\/\"}},{\"@type\":\"Person\",\"@id\":\"https:\/\/www.ocealys.com\/en\/#\/schema\/person\/6473788d65da9f307970f74a1c74396e\",\"name\":\"Alice\",\"image\":{\"@type\":\"ImageObject\",\"inLanguage\":\"en-US\",\"@id\":\"https:\/\/www.ocealys.com\/en\/#\/schema\/person\/image\/\",\"url\":\"https:\/\/secure.gravatar.com\/avatar\/80985946c469948bf3790090e427a9f1bd27a5cbff41cff7a07b6b0cabbb58e0?s=96&d=mm&r=g\",\"contentUrl\":\"https:\/\/secure.gravatar.com\/avatar\/80985946c469948bf3790090e427a9f1bd27a5cbff41cff7a07b6b0cabbb58e0?s=96&d=mm&r=g\",\"caption\":\"Alice\"}}]}<\/script>\n<!-- \/ Yoast SEO plugin. -->","yoast_head_json":{"title":"Ocealys committed to protecting the oceans at UNOC 2025 - Laboratoire Oc\u00e9alys","robots":{"index":"index","follow":"follow","max-snippet":"max-snippet:-1","max-image-preview":"max-image-preview:large","max-video-preview":"max-video-preview:-1"},"canonical":"https:\/\/www.ocealys.com\/en\/ocealys-engage-pour-la-protection-des-oceans-presence-a-lunoc-a-nice\/","og_locale":"en_US","og_type":"article","og_title":"Ocealys committed to protecting the oceans at UNOC 2025 - Laboratoire Oc\u00e9alys","og_description":"Fabienne BRESDIN, president and founder of the Ocealys Laboratory, was one of the guests at the United Nations Conference on the Ocean. (UNOC 2025)","og_url":"https:\/\/www.ocealys.com\/en\/ocealys-engage-pour-la-protection-des-oceans-presence-a-lunoc-a-nice\/","og_site_name":"Laboratoire Oc\u00e9alys","article_published_time":"2025-06-16T09:00:43+00:00","article_modified_time":"2025-06-16T09:05:55+00:00","og_image":[{"width":2560,"height":1280,"url":"https:\/\/www.ocealys.com\/app\/uploads\/2025\/06\/web_1500x750-plateforme-unoc-1-scaled.png","type":"image\/png"}],"author":"Alice","twitter_card":"summary_large_image","twitter_misc":{"Written by":"Alice","Est. reading time":"2 minutes"},"schema":{"@context":"https:\/\/schema.org","@graph":[{"@type":"Article","@id":"https:\/\/www.ocealys.com\/en\/ocealys-engage-pour-la-protection-des-oceans-presence-a-lunoc-a-nice\/#article","isPartOf":{"@id":"https:\/\/www.ocealys.com\/en\/ocealys-engage-pour-la-protection-des-oceans-presence-a-lunoc-a-nice\/"},"author":{"name":"Alice","@id":"https:\/\/www.ocealys.com\/en\/#\/schema\/person\/6473788d65da9f307970f74a1c74396e"},"headline":"Ocealys committed to protecting the oceans at UNOC 2025","datePublished":"2025-06-16T09:00:43+00:00","dateModified":"2025-06-16T09:05:55+00:00","mainEntityOfPage":{"@id":"https:\/\/www.ocealys.com\/en\/ocealys-engage-pour-la-protection-des-oceans-presence-a-lunoc-a-nice\/"},"wordCount":135,"publisher":{"@id":"https:\/\/www.ocealys.com\/en\/#organization"},"image":{"@id":"https:\/\/www.ocealys.com\/en\/ocealys-engage-pour-la-protection-des-oceans-presence-a-lunoc-a-nice\/#primaryimage"},"thumbnailUrl":"https:\/\/www.ocealys.com\/app\/uploads\/2025\/06\/web_1500x750-plateforme-unoc-1-scaled.png","articleSection":["Press","Salons"],"inLanguage":"en-US"},{"@type":"WebPage","@id":"https:\/\/www.ocealys.com\/en\/ocealys-engage-pour-la-protection-des-oceans-presence-a-lunoc-a-nice\/","url":"https:\/\/www.ocealys.com\/en\/ocealys-engage-pour-la-protection-des-oceans-presence-a-lunoc-a-nice\/","name":"Ocealys committed to protecting the oceans at UNOC 2025 - Laboratoire Oc\u00e9alys","isPartOf":{"@id":"https:\/\/www.ocealys.com\/en\/#website"},"primaryImageOfPage":{"@id":"https:\/\/www.ocealys.com\/en\/ocealys-engage-pour-la-protection-des-oceans-presence-a-lunoc-a-nice\/#primaryimage"},"image":{"@id":"https:\/\/www.ocealys.com\/en\/ocealys-engage-pour-la-protection-des-oceans-presence-a-lunoc-a-nice\/#primaryimage"},"thumbnailUrl":"https:\/\/www.ocealys.com\/app\/uploads\/2025\/06\/web_1500x750-plateforme-unoc-1-scaled.png","datePublished":"2025-06-16T09:00:43+00:00","dateModified":"2025-06-16T09:05:55+00:00","breadcrumb":{"@id":"https:\/\/www.ocealys.com\/en\/ocealys-engage-pour-la-protection-des-oceans-presence-a-lunoc-a-nice\/#breadcrumb"},"inLanguage":"en-US","potentialAction":[{"@type":"ReadAction","target":["https:\/\/www.ocealys.com\/en\/ocealys-engage-pour-la-protection-des-oceans-presence-a-lunoc-a-nice\/"]}]},{"@type":"ImageObject","inLanguage":"en-US","@id":"https:\/\/www.ocealys.com\/en\/ocealys-engage-pour-la-protection-des-oceans-presence-a-lunoc-a-nice\/#primaryimage","url":"https:\/\/www.ocealys.com\/app\/uploads\/2025\/06\/web_1500x750-plateforme-unoc-1-scaled.png","contentUrl":"https:\/\/www.ocealys.com\/app\/uploads\/2025\/06\/web_1500x750-plateforme-unoc-1-scaled.png","width":2560,"height":1280,"caption":"Web 1500x750 Plateforme Unoc (1)"},{"@type":"BreadcrumbList","@id":"https:\/\/www.ocealys.com\/en\/ocealys-engage-pour-la-protection-des-oceans-presence-a-lunoc-a-nice\/#breadcrumb","itemListElement":[{"@type":"ListItem","position":1,"name":"Home","item":"https:\/\/www.ocealys.com\/en\/"},{"@type":"ListItem","position":2,"name":"Ocealys committed to protecting the oceans at UNOC 2025"}]},{"@type":"WebSite","@id":"https:\/\/www.ocealys.com\/en\/#website","url":"https:\/\/www.ocealys.com\/en\/","name":"Laboratoire Oc\u00e9alys","description":"Des formules Monde 100% naturelles, pr\u00e9miums, certifi\u00e9es Ecocert, Vegan, Clean ... et con\u00e7ues selon la normes ISO 22716","publisher":{"@id":"https:\/\/www.ocealys.com\/en\/#organization"},"potentialAction":[{"@type":"SearchAction","target":{"@type":"EntryPoint","urlTemplate":"https:\/\/www.ocealys.com\/en\/?s={search_term_string}"},"query-input":{"@type":"PropertyValueSpecification","valueRequired":true,"valueName":"search_term_string"}}],"inLanguage":"en-US"},{"@type":"Organization","@id":"https:\/\/www.ocealys.com\/en\/#organization","name":"Laboratoire Oc\u00e9alys","url":"https:\/\/www.ocealys.com\/en\/","logo":{"@type":"ImageObject","inLanguage":"en-US","@id":"https:\/\/www.ocealys.com\/en\/#\/schema\/logo\/image\/","url":"https:\/\/www.ocealys.com\/app\/uploads\/2023\/02\/cropped-ocelalys-favicon.png","contentUrl":"https:\/\/www.ocealys.com\/app\/uploads\/2023\/02\/cropped-ocelalys-favicon.png","width":512,"height":512,"caption":"Laboratoire Oc\u00e9alys"},"image":{"@id":"https:\/\/www.ocealys.com\/en\/#\/schema\/logo\/image\/"}},{"@type":"Person","@id":"https:\/\/www.ocealys.com\/en\/#\/schema\/person\/6473788d65da9f307970f74a1c74396e","name":"Alice","image":{"@type":"ImageObject","inLanguage":"en-US","@id":"https:\/\/www.ocealys.com\/en\/#\/schema\/person\/image\/","url":"https:\/\/secure.gravatar.com\/avatar\/80985946c469948bf3790090e427a9f1bd27a5cbff41cff7a07b6b0cabbb58e0?s=96&d=mm&r=g","contentUrl":"https:\/\/secure.gravatar.com\/avatar\/80985946c469948bf3790090e427a9f1bd27a5cbff41cff7a07b6b0cabbb58e0?s=96&d=mm&r=g","caption":"Alice"}}]}},"_links":{"self":[{"href":"https:\/\/www.ocealys.com\/en\/wp-json\/wp\/v2\/posts\/1806","targetHints":{"allow":["GET"]}}],"collection":[{"href":"https:\/\/www.ocealys.com\/en\/wp-json\/wp\/v2\/posts"}],"about":[{"href":"https:\/\/www.ocealys.com\/en\/wp-json\/wp\/v2\/types\/post"}],"author":[{"embeddable":true,"href":"https:\/\/www.ocealys.com\/en\/wp-json\/wp\/v2\/users\/2"}],"replies":[{"embeddable":true,"href":"https:\/\/www.ocealys.com\/en\/wp-json\/wp\/v2\/comments?post=1806"}],"version-history":[{"count":4,"href":"https:\/\/www.ocealys.com\/en\/wp-json\/wp\/v2\/posts\/1806\/revisions"}],"predecessor-version":[{"id":1826,"href":"https:\/\/www.ocealys.com\/en\/wp-json\/wp\/v2\/posts\/1806\/revisions\/1826"}],"wp:featuredmedia":[{"embeddable":true,"href":"https:\/\/www.ocealys.com\/en\/wp-json\/wp\/v2\/media\/1812"}],"wp:attachment":[{"href":"https:\/\/www.ocealys.com\/en\/wp-json\/wp\/v2\/media?parent=1806"}],"wp:term":[{"taxonomy":"category","embeddable":true,"href":"https:\/\/www.ocealys.com\/en\/wp-json\/wp\/v2\/categories?post=1806"},{"taxonomy":"post_tag","embeddable":true,"href":"https:\/\/www.ocealys.com\/en\/wp-json\/wp\/v2\/tags?post=1806"}],"curies":[{"name":"wp","href":"https:\/\/api.w.org\/{rel}","templated":true}]}}